{"id":271,"date":"2018-02-01T13:16:25","date_gmt":"2018-02-01T12:16:25","guid":{"rendered":"http:\/\/murs.fr\/?p=271"},"modified":"2018-07-07T16:50:34","modified_gmt":"2018-07-07T14:50:34","slug":"libertes-et-responsabilites-dans-la-recherche-academique","status":"publish","type":"post","link":"http:\/\/murs.fr\/?p=271","title":{"rendered":"Libert\u00e9s et responsabilit\u00e9s dans la recherche acad\u00e9mique"},"content":{"rendered":"<p><img loading=\"lazy\" decoding=\"async\" data-attachment-id=\"282\" data-permalink=\"http:\/\/murs.fr\/?attachment_id=282\" data-orig-file=\"https:\/\/i2.wp.com\/murs.fr\/wp-content\/uploads\/2018\/02\/logo_filaire-2.jpg?fit=150%2C150\" data-orig-size=\"150,150\" data-comments-opened=\"1\" data-image-meta=\"{&quot;aperture&quot;:&quot;0&quot;,&quot;credit&quot;:&quot;&quot;,&quot;camera&quot;:&quot;&quot;,&quot;caption&quot;:&quot;&quot;,&quot;created_timestamp&quot;:&quot;0&quot;,&quot;copyright&quot;:&quot;&quot;,&quot;focal_length&quot;:&quot;0&quot;,&quot;iso&quot;:&quot;0&quot;,&quot;shutter_speed&quot;:&quot;0&quot;,&quot;title&quot;:&quot;&quot;,&quot;orientation&quot;:&quot;0&quot;}\" data-image-title=\"logo_filaire-2\" data-image-description=\"\" data-medium-file=\"https:\/\/i2.wp.com\/murs.fr\/wp-content\/uploads\/2018\/02\/logo_filaire-2.jpg?fit=150%2C150\" data-large-file=\"https:\/\/i2.wp.com\/murs.fr\/wp-content\/uploads\/2018\/02\/logo_filaire-2.jpg?fit=150%2C150\" class=\"alignleft size-full wp-image-282\" src=\"https:\/\/i2.wp.com\/murs.fr\/wp-content\/uploads\/2018\/02\/logo_filaire-2.jpg?resize=150%2C150\" alt=\"\" width=\"150\" height=\"150\" data-recalc-dims=\"1\" \/>Le <a href=\"http:\/\/www.cnrs.fr\/comets\/\">Comit\u00e9 d\u2019Ethique du CNRS<\/a> a publi\u00e9 le 1er f\u00e9vrier 2018 un avis<strong> <em>Libert\u00e9s et responsabilit\u00e9s dans la recherche acad\u00e9mique<\/em><\/strong>.<\/p>\n<p>Trois membres du MURS ont particip\u00e9 \u00e0 sa r\u00e9daction : Mich\u00e8le Leduc (rapporteur), Patrice Debr\u00e9 et Jean-Gabriel Ganascia.<\/p>\n<p><em>\u00c0 l\u2019occasion de la r\u00e9vision par l\u2019UNESCO en 2016 de sa recommandation de 1974\u00a0sur la condition des chercheurs scientifiques il est apparu que l\u2019exercice de la recherche\u00a0acad\u00e9mique avait tant \u00e9volu\u00e9 au cours des derni\u00e8res d\u00e9cennies qu\u2019il \u00e9tait opportun pour le\u00a0COMETS de conduire une r\u00e9flexion sur la libert\u00e9 des chercheurs, envisag\u00e9e aux plans\u00a0politique, \u00e9conomique et sociologique, et sur leurs responsabilit\u00e9s face \u00e0 la soci\u00e9t\u00e9 et aux\u00a0enjeux environnementaux.\u00a0<\/em>(Extrait de l\u2019avis).<\/p>\n<p><a href=\"http:\/\/www4.cnrs-dir.fr\/comets\/IMG\/pdf\/avis_2018-35.pdf\">Texte int\u00e9gral de l\u2019avis<\/a><\/p>\n","protected":false},"excerpt":{"rendered":"<p>Le Comit\u00e9 d\u2019Ethique du CNRS a publi\u00e9 le 1er f\u00e9vrier 2018 un avis Libert\u00e9s et responsabilit\u00e9s dans la recherche acad\u00e9mique. Trois membres du MURS ont particip\u00e9 \u00e0 sa r\u00e9daction : Mich\u00e8le Leduc (rapporteur), Patrice Debr\u00e9 et Jean-Gabriel Ganascia. \u00c0 l\u2019occasion de la r\u00e9vision par l\u2019UNESCO en 2016 de sa recommandation de 1974\u00a0sur la condition des &hellip; <a href=\"http:\/\/murs.fr\/?p=271\" class=\"more-link\">Continuer la lecture<span class=\"screen-reader-text\"> de &laquo;&nbsp;Libert\u00e9s et responsabilit\u00e9s dans la recherche acad\u00e9mique&nbsp;&raquo;<\/span><\/a><\/p>\n","protected":false},"author":1,"featured_media":0,"comment_status":"open","ping_status":"open","sticky":false,"template":"","format":"standard","meta":{"spay_email":"","footnotes":""},"categories":[3,35,45],"tags":[48,46,28,47],"jetpack_featured_media_url":"","jetpack_sharing_enabled":true,"jetpack_shortlink":"https:\/\/wp.me\/p8hHEz-4n","jetpack-related-posts":[{"id":373,"url":"http:\/\/murs.fr\/?p=373","url_meta":{"origin":271,"position":0},"title":"\u00c9thique et responsabilit\u00e9 scientifiques en temps de crise sanitaire","date":"14 avril 2020","format":false,"excerpt":"Le MURS a publi\u00e9 une tribune dans Ouest France le 13 avril 2020. Nous en reproduisons le texte ci-dessous. Dans les dramatiques circonstances de la pr\u00e9sente pand\u00e9mie du COVID-19, il nous parait n\u00e9cessaire de rappeler quelques consid\u00e9rations sur l\u2019engagement des scientifiques fond\u00e9es sur des valeurs universelles telles que la solidarit\u00e9,\u2026","rel":"","context":"Dans &quot;Actualit\u00e9s&quot;","img":{"alt_text":"","src":"https:\/\/i1.wp.com\/murs.fr\/wp-content\/uploads\/2020\/04\/Ouest-France.png?fit=853%2C355&resize=350%2C200","width":350,"height":200},"classes":[]},{"id":167,"url":"http:\/\/murs.fr\/?p=167","url_meta":{"origin":271,"position":1},"title":"Rapport d\u2019activit\u00e9 2017 pr\u00e9sent\u00e9 \u00e0 l\u2019AG 2018","date":"14 juin 2018","format":false,"excerpt":"Rapport Moral ann\u00e9e 2017 pr\u00e9sent\u00e9 lors de l\u2019Assembl\u00e9e G\u00e9n\u00e9rale du 12 f\u00e9vrier 2018 En 2017, le Murs durant sa 33 \u00e8me ann\u00e9e d\u2019activit\u00e9, s\u2019est efforc\u00e9 d\u2019appliquer ce que disait son ancien Pr\u00e9sident Jean Dausset : L\u2019Homme ne doit plus subir son sort car il peut d\u00e9sormais orienter sa destin\u00e9e vers\u2026","rel":"","context":"Dans &quot;Vie de l'association&quot;","img":{"alt_text":"","src":"https:\/\/i1.wp.com\/murs.fr\/wp-content\/uploads\/2017\/05\/4884664505_a162b01cc6_b.jpg?fit=1024%2C682&resize=350%2C200","width":350,"height":200},"classes":[]},{"id":681,"url":"http:\/\/murs.fr\/?p=681","url_meta":{"origin":271,"position":2},"title":"Le r\u00f4le des m\u00e9dias et de l\u2019information \u00ab non contr\u00f4l\u00e9e \u00bb (Internet) dans les rapports entre Science et Soci\u00e9t\u00e9","date":"15 septembre 2022","format":false,"excerpt":"Vincent Hervou\u00ebt, alors Chef du service international de la chaine de t\u00e9l\u00e9vision LCI (2007)Reproduction d'un article paru en 2007 dans le num\u00e9ro 52-53 de la Revue du M.U.R.S. \u00ab Sciences et Soci\u00e9t\u00e9 : \u00e0 la recherche de la confiance perdue... \u00bb \u00ab Pour le meilleur et pour le pire, c\u2019est\u2026","rel":"","context":"Dans &quot;Nouveaux cahiers du MURS&quot;","img":{"alt_text":"","src":"","width":0,"height":0},"classes":[]},{"id":121,"url":"http:\/\/murs.fr\/?p=121","url_meta":{"origin":271,"position":3},"title":"L\u2019int\u00e9grit\u00e9 scientifique :  \u00ab Du silence \u00e0 la parole,  de la parole \u00e0 l\u2019action \u00bb","date":"25 f\u00e9vrier 2017","format":false,"excerpt":"Conf\u00e9rence inaugurale par le Professeur Claude Huriet L\u2019int\u00e9grit\u00e9 scientifique\u00a0: \u00a0\u00ab\u00a0Du silence \u00e0 la parole, \u00a0de la parole \u00e0 l\u2019action\u00a0\u00bb\u00a0(C. Huriet--C.Villani) 1974: La Conf\u00e9rence g\u00e9n\u00e9rale de l\u2019Unesco adopte, \u00e0 l\u2019occasion de sa 18e session, \u00ab\u00a0La Recommandation concernant la condition des chercheurs scientifiques\u00a0\u00bb : Art 10: Les Etats membres ne devront pas\u2026","rel":"","context":"Dans &quot;Actualit\u00e9s&quot;","img":{"alt_text":"","src":"https:\/\/i2.wp.com\/murs.fr\/wp-content\/uploads\/2017\/01\/integre_band.jpg?resize=350%2C200","width":350,"height":200},"classes":[]},{"id":239,"url":"http:\/\/murs.fr\/?p=239","url_meta":{"origin":271,"position":4},"title":"Mich\u00e8le Leduc sur France Culture : Les femmes et la science","date":"23 juin 2018","format":false,"excerpt":"Mich\u00e8le Leduc \u00e9tait l\u2019invit\u00e9e de France Culture dans l\u2019\u00e9mission d\u2019Etienne Klein \u00ab\u00a0La Conversation scientifique\u00a0\u00bb le 23 juin 2018. Le th\u00e8me de l\u2019\u00e9mission \u00e9tait\u00a0la situation des femmes dans le champ des sciences \u00e0 l\u2019occasion de la publication du rapport de la d\u00e9put\u00e9e C\u00e9line Calvez. Pour r\u00e9\u00e9couter l\u2019\u00e9mission sur France Culture :\u2026","rel":"","context":"Dans &quot;Actualit\u00e9s&quot;","img":{"alt_text":"","src":"https:\/\/i1.wp.com\/murs.fr\/wp-content\/uploads\/2018\/07\/711x400_000_sapa980714678960.jpg?resize=350%2C200","width":350,"height":200},"classes":[]},{"id":623,"url":"http:\/\/murs.fr\/?p=623","url_meta":{"origin":271,"position":5},"title":"De l\u2019innovation \u00e0 son test d\u2019efficacit\u00e9&nbsp;: la naissance du consentement \u00e9clair\u00e9","date":"15 septembre 2022","format":"gallery","excerpt":"Patrice Debr\u00e9, Professeur \u00e9m\u00e9rite d'immunologie \u00e0 Sorbonne Universit\u00e9 et membre de l'Acad\u00e9mie nationale de m\u00e9decine Joseph Meister se fait vacciner en pr\u00e9sence de Louis Pasteur (affiche destin\u00e9e \u00e0 l'enseignement scolaire) Cr\u00e9dit : Institut Pasteur\/Mus\u00e9e Pasteur Toute innovation n\u00e9cessite d\u2019\u00eatre test\u00e9e chez l\u2019homme par des essais encadr\u00e9s pour contr\u00f4ler son innocuit\u00e9\u2026","rel":"","context":"Dans &quot;Bio\u00e9thique&quot;","img":{"alt_text":"","src":"https:\/\/i1.wp.com\/murs.fr\/wp-content\/uploads\/2022\/07\/institutpasteur_d2355-scaled.jpg?resize=350%2C200","width":350,"height":200},"classes":[]}],"_links":{"self":[{"href":"http:\/\/murs.fr\/index.php?rest_route=\/wp\/v2\/posts\/271"}],"collection":[{"href":"http:\/\/murs.fr\/index.php?rest_route=\/wp\/v2\/posts"}],"about":[{"href":"http:\/\/murs.fr\/index.php?rest_route=\/wp\/v2\/types\/post"}],"author":[{"embeddable":true,"href":"http:\/\/murs.fr\/index.php?rest_route=\/wp\/v2\/users\/1"}],"replies":[{"embeddable":true,"href":"http:\/\/murs.fr\/index.php?rest_route=%2Fwp%2Fv2%2Fcomments&post=271"}],"version-history":[{"count":3,"href":"http:\/\/murs.fr\/index.php?rest_route=\/wp\/v2\/posts\/271\/revisions"}],"predecessor-version":[{"id":283,"href":"http:\/\/murs.fr\/index.php?rest_route=\/wp\/v2\/posts\/271\/revisions\/283"}],"wp:attachment":[{"href":"http:\/\/murs.fr\/index.php?rest_route=%2Fwp%2Fv2%2Fmedia&parent=271"}],"wp:term":[{"taxonomy":"category","embeddable":true,"href":"http:\/\/murs.fr\/index.php?rest_route=%2Fwp%2Fv2%2Fcategories&post=271"},{"taxonomy":"post_tag","embeddable":true,"href":"http:\/\/murs.fr\/index.php?rest_route=%2Fwp%2Fv2%2Ftags&post=271"}],"curies":[{"name":"wp","href":"https:\/\/api.w.org\/{rel}","templated":true}]}}