{"id":329,"date":"2019-02-21T16:32:16","date_gmt":"2019-02-21T15:32:16","guid":{"rendered":"http:\/\/murs.fr\/?p=329"},"modified":"2020-04-22T18:18:07","modified_gmt":"2020-04-22T16:18:07","slug":"lelectricite-nucleaire-questions-ouvertes-et-points-de-vue","status":"publish","type":"post","link":"http:\/\/murs.fr\/?p=329","title":{"rendered":"L&rsquo;\u00e9lectricit\u00e9 nucl\u00e9aire, questions ouvertes et points de vue"},"content":{"rendered":"\n<p>Convaincu de l\u2019int\u00e9r\u00eat de pr\u00e9senter le d\u00e9bat actuel autour du nucl\u00e9aire civil dans la diversit\u00e9 de ses aspects et implications, le comit\u00e9 de r\u00e9daction de la revue <em>Reflets de la Physique<\/em>, magazine de la Soci\u00e9t\u00e9 Fran\u00e7aise de Physique, a \u00e9tabli un dossier tr\u00e8s fourni dans son<a href=\"https:\/\/www.refletsdelaphysique.fr\/articles\/refdp\/pdf\/2018\/05\/refdp2018-60.pdf\"> num\u00e9ro 60<\/a>&nbsp; paru en d\u00e9cembre 2018 sur le th\u00e8me&nbsp;: <\/p>\n\n\n\n<p><strong><em>L\u2019\u00e9lectricit\u00e9 nucl\u00e9aire, questions ouvertes et points de vue.<\/em><\/strong><\/p>\n\n\n\n<p>Le dossier a\n\u00e9t\u00e9 coordonn\u00e9 par deux physiciens, un biologiste et un physicien nucl\u00e9aire,\nayant une opinion personnelle diff\u00e9rente sur le sujet. Il est \u00e9vident que les\nenjeux soci\u00e9taux autour des sources de production d\u2019\u00e9nergie animent, en France\ncomme dans le reste du monde, un d\u00e9bat intense dans l\u2019opinion publique, o\u00f9\ns\u2019entrem\u00ealent la physique, l\u2019environnement, l\u2019\u00e9conomie, la politique. &nbsp;<\/p>\n\n\n\n<p>Dans ce\ncadre, les physiciens ont pens\u00e9 utile d\u2019apporter des informations et des\nanalyses r\u00e9sultant de leur m\u00e9thode de travail, bas\u00e9e sur l\u2019analyse critique et\nargument\u00e9e de positions exprim\u00e9es dans le cadre d\u2019un d\u00e9bat contradictoire. <\/p>\n\n\n\n<!--more-->\n\n\n\n<p>Le dossier de 62 pages comprend&nbsp;: <\/p>\n\n\n\n<p>a) des articles plut\u00f4t factuels sur la fili\u00e8re uranium et le parc nucl\u00e9aire fran\u00e7ais, les d\u00e9chets et le d\u00e9mant\u00e8lement des centrales&nbsp; <\/p>\n\n\n\n<p>b) deux entretiens crois\u00e9s sur l\u2019impact environnemental (au sens large) du nucl\u00e9aire en fonctionnement normal, le risque d\u2019accidents, suivis d\u2019un \u00e9clairage original sur le r\u00f4le des associations de contr\u00f4le de la radioactivit\u00e9, de la sous-traitance et sur les couts du nucl\u00e9aire <\/p>\n\n\n\n<p>c) des articles sur l\u2019histoire du nucl\u00e9aire civil en France et de ses relations avec ses origines de nature militaire, et sur le traitement que la presse a r\u00e9serv\u00e9 et r\u00e9serve encore aujourd\u2019hui \u00e0 ce d\u00e9bat public <\/p>\n\n\n\n<p>d) des articles de prospective : quels sc\u00e9narios peut-on envisager \u00e0 l\u2019\u00e9chelle nationale et mondiale, en lien avec des choix de soci\u00e9t\u00e9. <\/p>\n","protected":false},"excerpt":{"rendered":"<p>Convaincu de l\u2019int\u00e9r\u00eat de pr\u00e9senter le d\u00e9bat actuel autour du nucl\u00e9aire civil dans la diversit\u00e9 de ses aspects et implications, le comit\u00e9 de r\u00e9daction de la revue Reflets de la Physique, magazine de la Soci\u00e9t\u00e9 Fran\u00e7aise de Physique, a \u00e9tabli un dossier tr\u00e8s fourni dans son num\u00e9ro 60&nbsp; paru en d\u00e9cembre 2018 sur le th\u00e8me&nbsp;: &hellip; <a href=\"http:\/\/murs.fr\/?p=329\" class=\"more-link\">Continuer la lecture<span class=\"screen-reader-text\"> de &laquo;&nbsp;L&rsquo;\u00e9lectricit\u00e9 nucl\u00e9aire, questions ouvertes et points de vue&nbsp;&raquo;<\/span><\/a><\/p>\n","protected":false},"author":7,"featured_media":332,"comment_status":"open","ping_status":"open","sticky":false,"template":"","format":"standard","meta":{"spay_email":"","footnotes":""},"categories":[60,31],"tags":[61],"jetpack_featured_media_url":"https:\/\/i0.wp.com\/murs.fr\/wp-content\/uploads\/2019\/02\/image-nucl\u00e9aire.png?fit=899%2C530","jetpack_sharing_enabled":true,"jetpack_shortlink":"https:\/\/wp.me\/p8hHEz-5j","jetpack-related-posts":[{"id":353,"url":"http:\/\/murs.fr\/?p=353","url_meta":{"origin":329,"position":0},"title":"20 f\u00e9vrier 2020: D\u00e9c\u00e8s de Jean-Claude Pecker, membre du MURS","date":"21 f\u00e9vrier 2020","format":false,"excerpt":"Les membres du MURS ont appris avec une profonde tristesse le d\u00e9c\u00e8s de Jean-Claude Pecker, professeur \u00e9m\u00e9rite, titulaire de la chaire Astrophysique th\u00e9orique (1964-1988) au Coll\u00e8ge de France, membre de l'Acad\u00e9mie des sciences et\u00a0membre\u00a0du MURS.\u00a0 A sa m\u00e9moire,\u00a0nous publions \u00e0 nouveau un entretien entre Jean-Claude Pecker et Jean-Marc Bonnet-Bidaud paru\u2026","rel":"","context":"Dans &quot;Actualit\u00e9s&quot;","img":{"alt_text":"","src":"https:\/\/i2.wp.com\/murs.fr\/wp-content\/uploads\/2020\/03\/jean-claude-pecker-cover-mobile.jpg?fit=450%2C250&resize=350%2C200","width":350,"height":200},"classes":[]},{"id":402,"url":"http:\/\/murs.fr\/?p=402","url_meta":{"origin":329,"position":1},"title":"Une Terre malade de ses hommes ?","date":"4 f\u00e9vrier 2021","format":false,"excerpt":"Laurent Degos, Professeur \u00e9m\u00e9rite d\u2019h\u00e9matologie \u00e0 l\u2019Universit\u00e9 de Paris & Fran\u00e7ois Ravetta, Professeur de physique de l'atmosph\u00e8re \u00e0 Sorbonne Universit\u00e9, directeur du LATMOS Andr\u00e9 Berger pronon\u00e7a il y a maintenant trente ans une conf\u00e9rence publi\u00e9e en 1991 dans les cahiers du MURS sous le titre\u00a0: \u00ab\u00a0La sant\u00e9 de la Terre,\u2026","rel":"","context":"Dans &quot;Nouveaux cahiers du MURS&quot;","img":{"alt_text":"","src":"","width":0,"height":0},"classes":[]},{"id":79,"url":"http:\/\/murs.fr\/?p=79","url_meta":{"origin":329,"position":2},"title":"Le 22 avril, marchons pour les sciences","date":"19 avril 2017","format":false,"excerpt":"Initi\u00e9e au niveau mondial en r\u00e9ponse aux multiples positions anti-sciences du nouveau pr\u00e9sident des Etats-Unis, la Marche pour les Sciences (March for Science) aura lieu le 22 avril 2017, Jour International de la Terre (ONU), et mobilisera pr\u00e8s de 300 d\u00e9fil\u00e9s dans plus de 20 pays. LE 22 AVRIL, MARCHEZ\u2026","rel":"","context":"Dans &quot;Actualit\u00e9s&quot;","img":{"alt_text":"","src":"https:\/\/i2.wp.com\/murs.fr\/wp-content\/uploads\/2018\/07\/MarchePourLesSciences-A3-impression-212x300.jpg?resize=350%2C200","width":350,"height":200},"classes":[]},{"id":407,"url":"http:\/\/murs.fr\/?p=407","url_meta":{"origin":329,"position":3},"title":"Evolution du climat : un t\u00e9moignage sur la responsabilit\u00e9 de notre communaut\u00e9 scientifique","date":"22 d\u00e9cembre 2020","format":false,"excerpt":"Jean\u00a0Jouzel, Directeur \u00e9m\u00e9rite de recherche au CEA, chercheur au LSCE\/IPSL Le r\u00e9chauffement climatique li\u00e9 aux activit\u00e9s humaines est une r\u00e9alit\u00e9. Si rien n\u2019\u00e9tait fait pour diminuer rapidement nos \u00e9missions de gaz \u00e0 effet de serre, il serait difficile aux jeunes d\u2019aujourd\u2019hui de s\u2019adapter aux conditions climatiques auxquelles ils auraient \u00e0\u2026","rel":"","context":"Dans &quot;Nouveaux cahiers du MURS&quot;","img":{"alt_text":"","src":"https:\/\/i1.wp.com\/murs.fr\/wp-content\/uploads\/2021\/02\/variation-figure-3.png?resize=350%2C200","width":350,"height":200},"classes":[]},{"id":336,"url":"http:\/\/murs.fr\/?p=336","url_meta":{"origin":329,"position":4},"title":"Interview de Jean Jouzel dans T\u00e9l\u00e9rama du 21 novembre 2018 : Notre Terre bout ?","date":"21 f\u00e9vrier 2019","format":false,"excerpt":"Dans quinze jours, le 3 d\u00e9cembre, s\u2019ouvre en Pologne, dans l\u2019ancienne ville mini\u00e8re de Katowice, la Cop 24, consid\u00e9r\u00e9e comme la derni\u00e8re chance de concr\u00e9tiser les engagements de l\u2019accord sur le climat sign\u00e9 en 2015 \u00e0 Paris, et surtout de les renforcer. Les catastrophes climatiques en cha\u00eene, comme en t\u00e9moignent\u2026","rel":"","context":"Dans &quot;Climat&quot;","img":{"alt_text":"","src":"","width":0,"height":0},"classes":[]},{"id":589,"url":"http:\/\/murs.fr\/?p=589","url_meta":{"origin":329,"position":5},"title":"Entretien avec Jean-Fran\u00e7ois Delfraissy, pr\u00e9sident du Conseil Scientifique Covid-19\u00a0: \u00ab\u00a0Conseiller le gouvernement dans un climat d\u2019incertitude\u00a0\u00bb","date":"15 septembre 2022","format":false,"excerpt":"Propos recueillis le 18 mai 2022 par Am\u00e9lie Rajaud Am\u00e9lie Rajaud (AR) : Jean-Fran\u00e7ois Delfraissy (JFD), vous \u00eates m\u00e9decin infectiologue et immunologiste, Pr\u00e9sident depuis 2017 du Comit\u00e9 Consultatif National d\u2019Ethique. Le 11 mars 2020, alors que la propagation du virus Covid-19 s\u2019amplifie consid\u00e9rablement en France, le \u00ab\u00a0Conseil scientifique Covid-19\u00a0\u00bb est\u2026","rel":"","context":"Dans &quot;Bio\u00e9thique&quot;","img":{"alt_text":"","src":"","width":0,"height":0},"classes":[]}],"_links":{"self":[{"href":"http:\/\/murs.fr\/index.php?rest_route=\/wp\/v2\/posts\/329"}],"collection":[{"href":"http:\/\/murs.fr\/index.php?rest_route=\/wp\/v2\/posts"}],"about":[{"href":"http:\/\/murs.fr\/index.php?rest_route=\/wp\/v2\/types\/post"}],"author":[{"embeddable":true,"href":"http:\/\/murs.fr\/index.php?rest_route=\/wp\/v2\/users\/7"}],"replies":[{"embeddable":true,"href":"http:\/\/murs.fr\/index.php?rest_route=%2Fwp%2Fv2%2Fcomments&post=329"}],"version-history":[{"count":4,"href":"http:\/\/murs.fr\/index.php?rest_route=\/wp\/v2\/posts\/329\/revisions"}],"predecessor-version":[{"id":387,"href":"http:\/\/murs.fr\/index.php?rest_route=\/wp\/v2\/posts\/329\/revisions\/387"}],"wp:featuredmedia":[{"embeddable":true,"href":"http:\/\/murs.fr\/index.php?rest_route=\/wp\/v2\/media\/332"}],"wp:attachment":[{"href":"http:\/\/murs.fr\/index.php?rest_route=%2Fwp%2Fv2%2Fmedia&parent=329"}],"wp:term":[{"taxonomy":"category","embeddable":true,"href":"http:\/\/murs.fr\/index.php?rest_route=%2Fwp%2Fv2%2Fcategories&post=329"},{"taxonomy":"post_tag","embeddable":true,"href":"http:\/\/murs.fr\/index.php?rest_route=%2Fwp%2Fv2%2Ftags&post=329"}],"curies":[{"name":"wp","href":"https:\/\/api.w.org\/{rel}","templated":true}]}}