{"id":346,"date":"2019-12-09T19:01:13","date_gmt":"2019-12-09T18:01:13","guid":{"rendered":"http:\/\/murs.fr\/?p=346"},"modified":"2020-04-22T18:17:27","modified_gmt":"2020-04-22T16:17:27","slug":"le-murs-present-au-world-science-forum-science-ethics-and-responsibility","status":"publish","type":"post","link":"http:\/\/murs.fr\/?p=346","title":{"rendered":"Le MURS pr\u00e9sent au World Science Forum, \u00ab\u00a0Science, ethics and responsibility\u00a0\u00bb"},"content":{"rendered":"\n<p>Budapest, 20-23 novembre 2019<\/p>\n\n\n\n<p>Le <a href=\"https:\/\/worldscienceforum.org\/\">World Science Forum <\/a>est organis\u00e9 par l\u2019Acad\u00e9mie hongroise des sciences, en partenariat avec l\u2019UNESCO, le CIS (Conseil International des Sciences) et AAAS (American Association for the Advancement of Science). Suite \u00e0 une Conf\u00e9rence sur les sciences sous l\u2019\u00e9gide de l\u2019UNESCO et de l\u2019Acad\u00e9mie des sciences hongroise en 1999, le\u00a0World Science Forum\u00a0 a tenu sa premi\u00e8re \u00e9dition \u00e0 Budapest en 2003 (voir <a href=\"https:\/\/worldscienceforum.org\/contents\/history-of-world-science-forum-110010\">historique<\/a>) et est un \u00e9v\u00e8nement biennal depuis. A partir de 2013, le pays organisateur a \u00e9t\u00e9 choisi en dehors de la Hongrie une fois sur deux, en 2013 au Br\u00e9sil, en 2017 en Jordanie, et en 2021 le Forum sera en Afrique du Sud. C\u2019est un rendez-vous international majeur entre Science et politique scientifique, couvert par les journalistes scientifiques \u00e0 l\u2019international et o\u00f9 la Diplomatie scientifique tient une large place. Chaque \u00e9dition a un th\u00e8me\u00a0: en 2017, \u00abScience for peace\u00bb, en 2019 \u00ab\u00a0Science, ethics and responsibility\u00a0\u00bb , particuli\u00e8rement pertinent par rapport au MURS. Cette \u00e9dition marquait les 20 ans de la premi\u00e8re Conf\u00e9rence fondatrice en 1999.\u00a0<\/p>\n\n\n\n<!--more-->\n\n\n\n<p>Chaque \u00e9dition de World Science Forum se termine par l\u2019adoption d\u2019une D\u00e9claration solennelle, en rapport avec le th\u00e8me choisi. Les d\u00e9clarations pr\u00e9c\u00e9dentes peuvent toutes \u00eatre trouv\u00e9es dans le menu du site du WSF (onglet Declarations). Le dernier jour, la d\u00e9claration sur \u00ab&nbsp;Science, ethics and responsibility&nbsp;\u00bb du forum 2019 a \u00e9t\u00e9 pr\u00e9sent\u00e9e et adopt\u00e9e: voir la <a href=\"https:\/\/worldscienceforum.org\/contents\/declaration-of-world-science-forum-2019-110073\">d\u00e9claration<\/a>.<\/p>\n\n\n\n<p>Ces d\u00e9clarations sont des textes de r\u00e9f\u00e9rence internationaux auxquels le MURS se r\u00e9f\u00e8re, et il peut se pr\u00e9valoir de cette d\u00e9claration 2019 qui recoupe nombre de ses orientations.&nbsp;<\/p>\n\n\n\n<p>Le MURS a \u00e9t\u00e9 repr\u00e9sent\u00e9 par <a href=\"https:\/\/worldscienceforum.org\/participants\/thomsen-mogens-30813\">Mogens Thomsen<\/a>&nbsp;et <a href=\"https:\/\/worldscienceforum.org\/speakers\/cambon-thomsen-anne-35772\">Anne Cambon-Thomsen.<\/a><\/p>\n\n\n\n<p>Le <a href=\"https:\/\/worldscienceforum.org\/programme\">programme<\/a> \u00e9tait tr\u00e8s riche et comprenait&nbsp;&nbsp;des sessions pl\u00e9ni\u00e8res et des sessions th\u00e9matiques. Les sessions pl\u00e9ni\u00e8res et keynotes d\u2019int\u00e9r\u00eat particulier pour le MURS \u00e9taient&nbsp;:&nbsp;<\/p>\n\n\n\n<p><a href=\"https:\/\/worldscienceforum.org\/programme\/2019-11-21-plenary-session-iare-there-ethical-limits-to-what-science-can-achieve-or-should-pursue-93\">Plenary Session I. Are There Ethical Limits to What Science Can Achieve or Should Pursue?<\/a><\/p>\n\n\n\n<p>Keynote :&nbsp;<a href=\"https:\/\/worldscienceforum.org\/speakers\/hamburg-margaret-a-34966\">Margaret A. Hamburg, Chair of the Board, AAAS<\/a><\/p>\n\n\n\n<p><a href=\"https:\/\/worldscienceforum.org\/programme\/2019-11-21-plenary-session-iithe-ethics-of-science-funding-97\">Plenary Session II. The Ethics of Science Funding<\/a><\/p>\n\n\n\n<p>Keynote&nbsp;:&nbsp;<a href=\"https:\/\/worldscienceforum.org\/speakers\/cordova-france-34921\">France C\u00f3rdova, Director, National Science Foundation (NSF)<\/a><\/p>\n\n\n\n<p><a href=\"https:\/\/worldscienceforum.org\/programme\/2019-11-22-plenary-session-iiithe-ethical-conduct-of-science-102\">Plenary Session III. The Ethical Conduct of Science<\/a><\/p>\n\n\n\n<p>Keynote :&nbsp;<a href=\"https:\/\/worldscienceforum.org\/speakers\/hendriks-sheryl-18375\">Sheryl Hendriks, Head of Department, University of Pretoria, Department of Agricultural Economics, Extension and Rural Development<\/a><\/p>\n\n\n\n<p><a href=\"https:\/\/worldscienceforum.org\/programme\/2019-11-22-plenary-session-ivethics-in-science-communication-106\">Plenary Session IV. Ethics in Science Communication<\/a><\/p>\n\n\n\n<p>Keynote :&nbsp;<a href=\"https:\/\/worldscienceforum.org\/speakers\/skipper-magdalena-18384\">Magdalena Skipper, Editor in Chief, Nature<\/a><\/p>\n\n\n\n<p><a href=\"https:\/\/worldscienceforum.org\/programme\/2019-11-23-plenary-session-v-parliamentary-plenary-session-20-years-of-science-diplomacy-112\">Plenary session V. | Parliamentary Plenary Session | 20 years of Science Diplomacy<\/a><\/p>\n\n\n\n<p>Keynote :&nbsp;<a href=\"https:\/\/worldscienceforum.org\/speakers\/colglazier-jr-elmer-william-18429\">Elmer William Colglazier Jr., Editor in Chief, Science &amp; Diplomacy, American Association for the Advancement of Science<\/a><\/p>\n\n\n\n<p>Un nombre de sessions th\u00e9matiques en parall\u00e8le \u00e9tait organis\u00e9 et Anne Cambon-Thomsen a fait une pr\u00e9sentation dans la session&nbsp; th\u00e9matique sur l\u2019\u00e9thique de la m\u00e9decine r\u00e9g\u00e9n\u00e9rative, avec un abord des enjeux europ\u00e9ens:&nbsp;<a href=\"https:\/\/worldscienceforum.org\/programme\/2019-11-22-thematic-sessions-iv-d-the-ethics-of-regenerative-medicine-140\">Thematic Sessions IV. d. The Ethics of Regenerative Medicine<\/a>. Cette session \u00e9tait organis\u00e9e par le&nbsp;\u00ab&nbsp;EASAC : European Academies Science Advisory Council&nbsp;\u00bb&nbsp;&nbsp;&nbsp;et par l\u2019Acad\u00e9mie des Sciences hongroise.<\/p>\n\n\n\n<p>Des contacts internationaux ont \u00e9t\u00e9 nou\u00e9s \u00e0 l\u2019occasion de ce \u00ab&nbsp;World Science Forum&nbsp;\u00bb notamment avec la <a href=\"http:\/\/globalyoungacademy.org\">Global Young Academy<\/a> et avec l\u2019<a href=\"https:\/\/www.mariecuriealumni.eu\">Association des Laur\u00e9ats Marie Curie<\/a> (MCAA).<\/p>\n","protected":false},"excerpt":{"rendered":"<p>Budapest, 20-23 novembre 2019 Le World Science Forum est organis\u00e9 par l\u2019Acad\u00e9mie hongroise des sciences, en partenariat avec l\u2019UNESCO, le CIS (Conseil International des Sciences) et AAAS (American Association for the Advancement of Science). Suite \u00e0 une Conf\u00e9rence sur les sciences sous l\u2019\u00e9gide de l\u2019UNESCO et de l\u2019Acad\u00e9mie des sciences hongroise en 1999, le\u00a0World Science &hellip; <a href=\"http:\/\/murs.fr\/?p=346\" class=\"more-link\">Continuer la lecture<span class=\"screen-reader-text\"> de &laquo;&nbsp;Le MURS pr\u00e9sent au World Science Forum, \u00ab\u00a0Science, ethics and responsibility\u00a0\u00bb&nbsp;&raquo;<\/span><\/a><\/p>\n","protected":false},"author":1,"featured_media":347,"comment_status":"open","ping_status":"open","sticky":false,"template":"","format":"standard","meta":{"spay_email":"","footnotes":""},"categories":[3,33,5,35,45,56],"tags":[49,62,64,65,66,63],"jetpack_featured_media_url":"https:\/\/i0.wp.com\/murs.fr\/wp-content\/uploads\/2019\/12\/Sans-titre.png?fit=943%2C466","jetpack_sharing_enabled":true,"jetpack_shortlink":"https:\/\/wp.me\/p8hHEz-5A","jetpack-related-posts":[{"id":167,"url":"http:\/\/murs.fr\/?p=167","url_meta":{"origin":346,"position":0},"title":"Rapport d\u2019activit\u00e9 2017 pr\u00e9sent\u00e9 \u00e0 l\u2019AG 2018","date":"14 juin 2018","format":false,"excerpt":"Rapport Moral ann\u00e9e 2017 pr\u00e9sent\u00e9 lors de l\u2019Assembl\u00e9e G\u00e9n\u00e9rale du 12 f\u00e9vrier 2018 En 2017, le Murs durant sa 33 \u00e8me ann\u00e9e d\u2019activit\u00e9, s\u2019est efforc\u00e9 d\u2019appliquer ce que disait son ancien Pr\u00e9sident Jean Dausset : L\u2019Homme ne doit plus subir son sort car il peut d\u00e9sormais orienter sa destin\u00e9e vers\u2026","rel":"","context":"Dans &quot;Vie de l'association&quot;","img":{"alt_text":"","src":"https:\/\/i1.wp.com\/murs.fr\/wp-content\/uploads\/2017\/05\/4884664505_a162b01cc6_b.jpg?fit=1024%2C682&resize=350%2C200","width":350,"height":200},"classes":[]},{"id":228,"url":"http:\/\/murs.fr\/?p=228","url_meta":{"origin":346,"position":1},"title":"Installation de l\u2019Office Fran\u00e7ais de l\u2019Int\u00e9grit\u00e9 Scientifique","date":"7 d\u00e9cembre 2017","format":false,"excerpt":"L\u2019Office Fran\u00e7ais de l\u2019Int\u00e9grit\u00e9 Scientifique est install\u00e9 comme un d\u00e9partement de l\u2019HCERES. Pr\u00e9sentation de l\u2019OFIS (extrait du site de l\u2019HCERES) Des missions au service de l\u2019int\u00e9grit\u00e9 scientifique : expertise, observation, animation Structure nationale, transversale et ind\u00e9pendante, l\u2019OFIS s\u2019est vu confier une triple mission : Expertise : coordonner la r\u00e9flexion pour\u2026","rel":"","context":"Dans &quot;Actualit\u00e9s&quot;","img":{"alt_text":"","src":"","width":0,"height":0},"classes":[]},{"id":353,"url":"http:\/\/murs.fr\/?p=353","url_meta":{"origin":346,"position":2},"title":"20 f\u00e9vrier 2020: D\u00e9c\u00e8s de Jean-Claude Pecker, membre du MURS","date":"21 f\u00e9vrier 2020","format":false,"excerpt":"Les membres du MURS ont appris avec une profonde tristesse le d\u00e9c\u00e8s de Jean-Claude Pecker, professeur \u00e9m\u00e9rite, titulaire de la chaire Astrophysique th\u00e9orique (1964-1988) au Coll\u00e8ge de France, membre de l'Acad\u00e9mie des sciences et\u00a0membre\u00a0du MURS.\u00a0 A sa m\u00e9moire,\u00a0nous publions \u00e0 nouveau un entretien entre Jean-Claude Pecker et Jean-Marc Bonnet-Bidaud paru\u2026","rel":"","context":"Dans &quot;Actualit\u00e9s&quot;","img":{"alt_text":"","src":"https:\/\/i2.wp.com\/murs.fr\/wp-content\/uploads\/2020\/03\/jean-claude-pecker-cover-mobile.jpg?fit=450%2C250&resize=350%2C200","width":350,"height":200},"classes":[]},{"id":79,"url":"http:\/\/murs.fr\/?p=79","url_meta":{"origin":346,"position":3},"title":"Le 22 avril, marchons pour les sciences","date":"19 avril 2017","format":false,"excerpt":"Initi\u00e9e au niveau mondial en r\u00e9ponse aux multiples positions anti-sciences du nouveau pr\u00e9sident des Etats-Unis, la Marche pour les Sciences (March for Science) aura lieu le 22 avril 2017, Jour International de la Terre (ONU), et mobilisera pr\u00e8s de 300 d\u00e9fil\u00e9s dans plus de 20 pays. LE 22 AVRIL, MARCHEZ\u2026","rel":"","context":"Dans &quot;Actualit\u00e9s&quot;","img":{"alt_text":"","src":"https:\/\/i2.wp.com\/murs.fr\/wp-content\/uploads\/2018\/07\/MarchePourLesSciences-A3-impression-212x300.jpg?resize=350%2C200","width":350,"height":200},"classes":[]},{"id":373,"url":"http:\/\/murs.fr\/?p=373","url_meta":{"origin":346,"position":4},"title":"\u00c9thique et responsabilit\u00e9 scientifiques en temps de crise sanitaire","date":"14 avril 2020","format":false,"excerpt":"Le MURS a publi\u00e9 une tribune dans Ouest France le 13 avril 2020. Nous en reproduisons le texte ci-dessous. Dans les dramatiques circonstances de la pr\u00e9sente pand\u00e9mie du COVID-19, il nous parait n\u00e9cessaire de rappeler quelques consid\u00e9rations sur l\u2019engagement des scientifiques fond\u00e9es sur des valeurs universelles telles que la solidarit\u00e9,\u2026","rel":"","context":"Dans &quot;Actualit\u00e9s&quot;","img":{"alt_text":"","src":"https:\/\/i1.wp.com\/murs.fr\/wp-content\/uploads\/2020\/04\/Ouest-France.png?fit=853%2C355&resize=350%2C200","width":350,"height":200},"classes":[]},{"id":64,"url":"http:\/\/murs.fr\/?p=64","url_meta":{"origin":346,"position":5},"title":"Publication du rapport Corvol","date":"29 juin 2016","format":false,"excerpt":"Pierre Corvol, professeur honoraire au coll\u00e8ge de France, a\u00a0 remis mercredi 29 juin 2016 Thierry Mandon son rapport \"Bilan et propositions de mise en \u0153uvre de la charte nationale d\u2019int\u00e9grit\u00e9 scientifique\". Les 16 propositions: Proposition n\u00b01 Etablir une nomenclature nationale des inconduites permettant un recensement dans les \u00e9tablissements des cas\u2026","rel":"","context":"Dans &quot;Actualit\u00e9s&quot;","img":{"alt_text":"","src":"","width":0,"height":0},"classes":[]}],"_links":{"self":[{"href":"http:\/\/murs.fr\/index.php?rest_route=\/wp\/v2\/posts\/346"}],"collection":[{"href":"http:\/\/murs.fr\/index.php?rest_route=\/wp\/v2\/posts"}],"about":[{"href":"http:\/\/murs.fr\/index.php?rest_route=\/wp\/v2\/types\/post"}],"author":[{"embeddable":true,"href":"http:\/\/murs.fr\/index.php?rest_route=\/wp\/v2\/users\/1"}],"replies":[{"embeddable":true,"href":"http:\/\/murs.fr\/index.php?rest_route=%2Fwp%2Fv2%2Fcomments&post=346"}],"version-history":[{"count":2,"href":"http:\/\/murs.fr\/index.php?rest_route=\/wp\/v2\/posts\/346\/revisions"}],"predecessor-version":[{"id":385,"href":"http:\/\/murs.fr\/index.php?rest_route=\/wp\/v2\/posts\/346\/revisions\/385"}],"wp:featuredmedia":[{"embeddable":true,"href":"http:\/\/murs.fr\/index.php?rest_route=\/wp\/v2\/media\/347"}],"wp:attachment":[{"href":"http:\/\/murs.fr\/index.php?rest_route=%2Fwp%2Fv2%2Fmedia&parent=346"}],"wp:term":[{"taxonomy":"category","embeddable":true,"href":"http:\/\/murs.fr\/index.php?rest_route=%2Fwp%2Fv2%2Fcategories&post=346"},{"taxonomy":"post_tag","embeddable":true,"href":"http:\/\/murs.fr\/index.php?rest_route=%2Fwp%2Fv2%2Ftags&post=346"}],"curies":[{"name":"wp","href":"https:\/\/api.w.org\/{rel}","templated":true}]}}