{"id":623,"date":"2022-09-15T15:29:31","date_gmt":"2022-09-15T13:29:31","guid":{"rendered":"http:\/\/murs.fr\/?p=623"},"modified":"2022-09-15T16:13:41","modified_gmt":"2022-09-15T14:13:41","slug":"de-linnovation-a-son-test-defficacite-la-naissance-du-consentement-eclaire","status":"publish","type":"post","link":"http:\/\/murs.fr\/?p=623","title":{"rendered":"De l\u2019innovation \u00e0 son test d\u2019efficacit\u00e9&nbsp;: la naissance du consentement \u00e9clair\u00e9"},"content":{"rendered":"\n<p><strong>Patrice Debr\u00e9, Professeur \u00e9m\u00e9rite d&rsquo;immunologie \u00e0 Sorbonne Universit\u00e9 et membre de l&rsquo;Acad\u00e9mie nationale de m\u00e9decine<\/strong><\/p>\n\n\n<div class=\"wp-block-image\">\n<figure class=\"aligncenter\"><img loading=\"lazy\" decoding=\"async\" width=\"840\" height=\"560\" data-attachment-id=\"628\" data-permalink=\"http:\/\/murs.fr\/?attachment_id=628\" data-orig-file=\"https:\/\/i1.wp.com\/murs.fr\/wp-content\/uploads\/2022\/07\/institutpasteur_d2355-scaled.jpg?fit=2560%2C1707\" data-orig-size=\"2560,1707\" data-comments-opened=\"1\" data-image-meta=\"{&quot;aperture&quot;:&quot;0&quot;,&quot;credit&quot;:&quot;&quot;,&quot;camera&quot;:&quot;Nikon SUPER COOLSCAN 4000 ED&quot;,&quot;caption&quot;:&quot;La vaccination antirabique. Affiche destin\\u00e9e \\u00e0 l&#039;enseignement scolaire v. 1960.\\rL&#039;enfant, suppos\\u00e9 \\u00eatre Joseph Meister se fait vacciner en pr\\u00e9sence de Louis Pasteur, de m\\u00e9decins et de sa m\\u00e8re en costume d&#039;alsacienne.\\r\\rMP29892&quot;,&quot;created_timestamp&quot;:&quot;0&quot;,&quot;copyright&quot;:&quot;Institut Pasteur&quot;,&quot;focal_length&quot;:&quot;0&quot;,&quot;iso&quot;:&quot;0&quot;,&quot;shutter_speed&quot;:&quot;0&quot;,&quot;title&quot;:&quot;S\\u00e9ance de vaccination contre la rage&quot;,&quot;orientation&quot;:&quot;1&quot;}\" data-image-title=\"S\u00e9ance de vaccination contre la rage\" data-image-description=\"\" data-medium-file=\"https:\/\/i1.wp.com\/murs.fr\/wp-content\/uploads\/2022\/07\/institutpasteur_d2355-scaled.jpg?fit=300%2C200\" data-large-file=\"https:\/\/i1.wp.com\/murs.fr\/wp-content\/uploads\/2022\/07\/institutpasteur_d2355-scaled.jpg?fit=840%2C560\" src=\"https:\/\/i1.wp.com\/murs.fr\/wp-content\/uploads\/2022\/07\/institutpasteur_d2355.jpg?resize=840%2C560\" alt=\"\" class=\"wp-image-628\" srcset=\"https:\/\/i1.wp.com\/murs.fr\/wp-content\/uploads\/2022\/07\/institutpasteur_d2355-scaled.jpg?resize=1024%2C683 1024w, https:\/\/i1.wp.com\/murs.fr\/wp-content\/uploads\/2022\/07\/institutpasteur_d2355-scaled.jpg?resize=300%2C200 300w, https:\/\/i1.wp.com\/murs.fr\/wp-content\/uploads\/2022\/07\/institutpasteur_d2355-scaled.jpg?resize=768%2C512 768w, https:\/\/i1.wp.com\/murs.fr\/wp-content\/uploads\/2022\/07\/institutpasteur_d2355-scaled.jpg?resize=1536%2C1024 1536w, https:\/\/i1.wp.com\/murs.fr\/wp-content\/uploads\/2022\/07\/institutpasteur_d2355-scaled.jpg?resize=2048%2C1365 2048w, https:\/\/i1.wp.com\/murs.fr\/wp-content\/uploads\/2022\/07\/institutpasteur_d2355-scaled.jpg?resize=1200%2C800 1200w, https:\/\/i1.wp.com\/murs.fr\/wp-content\/uploads\/2022\/07\/institutpasteur_d2355-scaled.jpg?w=1680 1680w, https:\/\/i1.wp.com\/murs.fr\/wp-content\/uploads\/2022\/07\/institutpasteur_d2355-scaled.jpg?w=2520 2520w\" sizes=\"(max-width: 709px) 85vw, (max-width: 909px) 67vw, (max-width: 1362px) 62vw, 840px\" data-recalc-dims=\"1\" \/><figcaption>Joseph Meister se fait vacciner en pr\u00e9sence de Louis Pasteur <br>(affiche destin\u00e9e \u00e0 l&rsquo;enseignement scolaire) Cr\u00e9dit : Institut Pasteur\/Mus\u00e9e Pasteur<\/figcaption><\/figure><\/div>\n\n\n<div class=\"wp-block-columns is-layout-flex wp-container-core-columns-is-layout-1 wp-block-columns-is-layout-flex\">\n<div class=\"wp-block-column is-layout-flow wp-block-column-is-layout-flow\">\n<p class=\"has-drop-cap\" align=\"justify\">Toute innovation n\u00e9cessite d\u2019\u00eatre test\u00e9e chez l\u2019homme par des essais encadr\u00e9s pour contr\u00f4ler son innocuit\u00e9 et son efficacit\u00e9. Le vaccin n\u2019\u00e9chappe pas \u00e0 la r\u00e8gle. Cela n\u00e9cessite cependant de respecter des normes \u00e9thiques afin de respecter le libre choix des individus de participer \u00e0 une telle \u00e9valuation. Ces r\u00e8gles ne furent pas toujours respect\u00e9es.<\/p>\n\n\n\n<p align=\"justify\">Le 22 septembre 1884, Louis Pasteur \u00e9crivait \u00e0 l\u2019empereur du Br\u00e9sil Pedro&nbsp;II <a id=\"_ftn1\" href=\"#_ftnref1\">[1]<\/a> :<br>\u00ab&nbsp;Je n\u2019ai rien os\u00e9 jusqu\u2019ici sur l\u2019homme malgr\u00e9 ma confiance dans le r\u00e9sultat et malgr\u00e9 les occasions nombreuses qui m\u2019ont \u00e9t\u00e9 offertes depuis ma derni\u00e8re lecture \u00e0 l\u2019Acad\u00e9mie des sciences. Je crains trop qu\u2019un \u00e9chec ne vienne compromettre l\u2019avenir. Mais alors m\u00eame que j\u2019aurais multipli\u00e9 les exemples de prophylaxie de la rage chez les chiens, il me semble que la main me tombera quand il faudra passer \u00e0 l\u2019esp\u00e8ce humaine. C\u2019est ici que pourrait intervenir tr\u00e8s utilement la haute et puissante initiative d\u2019un chef d\u2019\u00c9tat pour le plus grand bien de l\u2019humanit\u00e9. Si j\u2019\u00e9tais roi ou empereur ou m\u00eame pr\u00e9sident de la R\u00e9publique voici comment j\u2019exercerais le droit de gr\u00e2ce sur les condamn\u00e9s \u00e0 mort. J\u2019offrirais \u00e0 l\u2019avocat du condamn\u00e9, la veille de l\u2019ex\u00e9cution de ce dernier, de choisir entre une mort imminente et une exp\u00e9rience qui consisterait dans les inoculations pr\u00e9ventives de la rage pour amener la constitution du sujet \u00e0 \u00eatre r\u00e9fractaire \u00e0 la rage. Moyennant ces \u00e9preuves, la vie du condamn\u00e9 serait sauv\u00e9e.&nbsp;\u00bb<\/p>\n\n\n\n<p align=\"justify\">Depuis les premi\u00e8res recherches de Louis Pasteur sur les vaccins et celles sur leur efficacit\u00e9 chez l\u2019homme, des r\u00e8gles \u00e9thiques sont venues encadrer les essais cliniques. Il est int\u00e9ressant dans ce cadre de revenir sur le consentement \u00e9clair\u00e9 des individus qui participent \u00e0 une telle recherche et ainsi \u00e0 tester les produits innovants, dont les vaccins.<\/p>\n\n\n\n<p align=\"justify\">Les premi\u00e8res r\u00e9flexions \u00e0 ce sujet remontent au proc\u00e8s des m\u00e9decins de Nuremberg qui s\u2019est tenu le 9 d\u00e9cembre 1946 <a href=\"#_ftnref2\" id=\"_ftn2\">[2]<\/a>. Il s\u2019agissait de juger des exp\u00e9rimentations dites m\u00e9dicales des bourreaux nazis qui, sous pr\u00e9texte de tester la r\u00e9sistance humaine \u00e0 divers types d\u2019agression, s\u2019\u00e9taient livr\u00e9s \u00e0 toutes sortes d\u2019exactions jusqu\u2019\u00e0 la mise \u00e0 mort. Les pr\u00e9venus se justifiaient en disant que la science a ses propres droits et que l\u2019imagination en recherche ne doit pas avoir de bornes. Le jugement, outre les peines individuelles, \u00e9tablit pour la premi\u00e8re fois des r\u00e8gles encadrant les recherches sur l\u2019Homme, et introduisit une notion essentielle, celle d\u2019un consentement, dit \u00e9clair\u00e9, de celui qui participait \u00e0 de telles recherches.<\/p>\n\n\n\n<p align=\"justify\">Un tel code, si utile soit-il, est cependant plus facile \u00e0 coucher sur le papier qu\u2019\u00e0 appliquer. Pendant longtemps celui-ci est rest\u00e9 lettre morte. Sans doute les investigateurs d\u2019alors pensaient-ils qu\u2019il s\u2019adressait plus \u00e0 la barbarie nazie qu\u2019\u00e0 eux-m\u00eames.<\/p>\n\n\n\n<p align=\"justify\">La d\u00e9claration d\u2019Helsinki, 20 ans plus tard, effectu\u00e9e par l\u2019Association m\u00e9dicale mondiale qui y tenait sa 18eme r\u00e9union, fut certes l\u2019occasion de rappeler les grands principes qui devaient encadrer la recherche chez l\u2019Homme. <\/p>\n<\/div>\n\n\n\n<div class=\"wp-block-column is-layout-flow wp-block-column-is-layout-flow\">\n<p align=\"justify\">Mais malgr\u00e9 quelques pr\u00e9cisions et la mise en avant d\u2019une exigence de s\u00e9curit\u00e9, limitant \u00e9galement l\u2019utilitarisme rigide de 1947 &#8211; la recherche doit avoir des r\u00e9sultats pratiques pour la soci\u00e9t\u00e9 &#8211; ce bel exercice d\u2019\u00e9criture ne changea gu\u00e8re le cours des choses : des exp\u00e9riences scandaleuses ont continu\u00e9 d\u2019\u00eatre men\u00e9es pendant plusieurs dizaines d\u2019ann\u00e9es par les pays occidentaux. Les circonstances furent cependant diff\u00e9rentes aux \u00c9tats-Unis et en France.<\/p>\n\n\n\n<p align=\"justify\">En Am\u00e9rique du Nord, sans tenir aucun compte du proc\u00e8s de Nuremberg et du code qui en avait r\u00e9sult\u00e9, de nombreuses recherches cliniques sans consentement \u00e9clair\u00e9 ni information des individus, allaient continuer de s\u2019effectuer dans des p\u00e9nitenciers ou des institutions sp\u00e9cialis\u00e9es, telles celles pour enfants handicap\u00e9s. Les sujets test\u00e9s \u00e9taient les repr\u00e9sentants de minorit\u00e9s, les Noirs, les pauvres, les prisonniers, les indigents, qu\u2019on payait parfois de quelques dollars pour des \u00e9tudes consistant \u00e0 administrer du LSD, ou des drogues hallucinog\u00e8nes 10 fois plus fortes, des substances carcinog\u00e8nes telle la dioxine, principe actif&nbsp;de l\u2019agent orange, ou des mol\u00e9cules radioactives. De tels essais \u00e9taient conduits avec le concours de l\u2019arm\u00e9e et de la CIA, sans aucun respect de la personne. \u00c0 Tuskegee en Alabama des recherches indignes&nbsp;sur la syphilis s\u2019\u00e9tal\u00e8rent&nbsp;sur 40 ans en accord avec l\u2019universit\u00e9, dans le but de conna\u00eetre l\u2019\u00e9volution naturelle, donc sans traitement, de la maladie. Aucun des patients ne fut trait\u00e9 par la p\u00e9nicilline, m\u00eame apr\u00e8s que cet antibiotique avait fait preuve, en 1940, de son efficacit\u00e9. En \u00e9change de leur r\u00e9signation, ils recevaient un repas par jour, et 1000 $ pour leurs fun\u00e9railles \u00e0 condition qu\u2019on puisse effectuer leur autopsie.<\/p>\n\n\n\n<p align=\"justify\">En France, o\u00f9 de nombreuses recherches furent effectu\u00e9es sans r\u00e9elles r\u00e8gles, ignorant tout autant le code de Nuremberg que la d\u00e9claration d\u2019Helsinki, il fallut attendre la fin des ann\u00e9es 1980 et un scandale qui prit le nom d\u2019affaire d\u2019Amiens pour que l\u2019opinion publique s\u2019\u00e9meuve. Il s\u2019agissait d\u2019un acte invasif effectu\u00e9 chez un patient dans le coma, sans bien \u00e9videmment son consentement. Un avis du Conseil d\u2019\u00c9tat indiqua que les essais sur l\u2019Homme pouvaient conduire \u00e0 des condamnations pour coups et blessures. Les r\u00e9flexions de quelques groupes m\u00e9dicaux qui, d\u2019ailleurs s\u2019\u00e9taient empar\u00e9s depuis quelques temps du sujet, firent le reste. Il devint \u00e9vident qu\u2019il fallait l\u00e9gif\u00e9rer. La loi fut mise en chantier par Claude Huriet, m\u00e9decin et s\u00e9nateur centriste, et par Franck Serusclat, pharmacien et S\u00e9nateur socialiste. Elle impliquait que les recherches ne peuvent s\u2019effectuer que sur consentement \u00e9clair\u00e9 des patients. Seconde \u00e9tape du r\u00f4le jou\u00e9 par la soci\u00e9t\u00e9, cette fois-ci \u00e0 titre individuel, dans le contr\u00f4le de la recherche ou plus exactement du sujet soumis \u00e0 la recherche, la recherche chez l\u2019Homme ne pouvait \u00eatre effectu\u00e9e qu\u2019avec un consentement, apr\u00e8s une information pr\u00e9cise de l\u2019objet de la recherche et des risques encourus. Cette loi fut \u00e0 l\u2019origine des Comit\u00e9s d\u2019\u00c9thique m\u00e9dicaux. Les temps ont heureusement chang\u00e9, mais l\u2019histoire du consentement \u00e9clair\u00e9 est encore r\u00e9cente et nous ram\u00e8ne \u00e0 des crimes qui n\u2019ont sans doute pas disparu.<\/p>\n\n\n\n<p><\/p>\n<\/div>\n<\/div>\n\n\n\n<hr class=\"wp-block-separator has-alpha-channel-opacity\"\/>\n\n\n\n<p><strong>Notes<\/strong><\/p>\n\n\n\n<p><a href=\"#_ftn1\" id=\"_ftnref1\">[1]<\/a> Debr\u00e9, P., \u00ab&nbsp;Louis Pasteur&nbsp;\u00bb, Flammarion, 1993<\/p>\n\n\n\n<p><a href=\"#_ftn2\" id=\"_ftnref2\">[2]<\/a> Debr\u00e9, P., \u00ab&nbsp;Les R\u00e9volutions de la biologie et la condition humaine&nbsp;\u00bb, Odile Jacob, 2020<\/p>\n","protected":false},"excerpt":{"rendered":"<p>Patrice Debr\u00e9, Professeur \u00e9m\u00e9rite d&rsquo;immunologie \u00e0 Sorbonne Universit\u00e9 et membre de l&rsquo;Acad\u00e9mie nationale de m\u00e9decine Toute innovation n\u00e9cessite d\u2019\u00eatre test\u00e9e chez l\u2019homme par des essais encadr\u00e9s pour contr\u00f4ler son innocuit\u00e9 et son efficacit\u00e9. Le vaccin n\u2019\u00e9chappe pas \u00e0 la r\u00e8gle. Cela n\u00e9cessite cependant de respecter des normes \u00e9thiques afin de respecter le libre choix des &hellip; <a href=\"http:\/\/murs.fr\/?p=623\" class=\"more-link\">Continuer la lecture<span class=\"screen-reader-text\"> de &laquo;&nbsp;De l\u2019innovation \u00e0 son test d\u2019efficacit\u00e9&nbsp;: la naissance du consentement \u00e9clair\u00e9&nbsp;&raquo;<\/span><\/a><\/p>\n","protected":false},"author":1,"featured_media":0,"comment_status":"closed","ping_status":"open","sticky":false,"template":"","format":"gallery","meta":{"spay_email":"","footnotes":""},"categories":[33,74,56],"tags":[],"jetpack_featured_media_url":"","jetpack_sharing_enabled":true,"jetpack_shortlink":"https:\/\/wp.me\/p8hHEz-a3","jetpack-related-posts":[{"id":574,"url":"http:\/\/murs.fr\/?p=574","url_meta":{"origin":623,"position":0},"title":"Vacciner en p\u00e9riode de pand\u00e9mie : convaincre ou contraindre","date":"15 septembre 2022","format":false,"excerpt":"Patrice Debr\u00e9, Professeur \u00e9m\u00e9rite d'immunologie \u00e0 Sorbonne Universit\u00e9 et membre de l'Acad\u00e9mie nationale de m\u00e9decine Le succ\u00e8s des vaccins fut tel au XXe si\u00e8cle que les populations, largement vaccin\u00e9es, ont perdu la m\u00e9moire d\u2019un certain nombre de maladies infectieuses, au moins dans les pays industrialis\u00e9s. Comment expliquer alors le regain\u2026","rel":"","context":"Dans &quot;Bio\u00e9thique&quot;","img":{"alt_text":"","src":"","width":0,"height":0},"classes":[]},{"id":373,"url":"http:\/\/murs.fr\/?p=373","url_meta":{"origin":623,"position":1},"title":"\u00c9thique et responsabilit\u00e9 scientifiques en temps de crise sanitaire","date":"14 avril 2020","format":false,"excerpt":"Le MURS a publi\u00e9 une tribune dans Ouest France le 13 avril 2020. Nous en reproduisons le texte ci-dessous. Dans les dramatiques circonstances de la pr\u00e9sente pand\u00e9mie du COVID-19, il nous parait n\u00e9cessaire de rappeler quelques consid\u00e9rations sur l\u2019engagement des scientifiques fond\u00e9es sur des valeurs universelles telles que la solidarit\u00e9,\u2026","rel":"","context":"Dans &quot;Actualit\u00e9s&quot;","img":{"alt_text":"","src":"https:\/\/i1.wp.com\/murs.fr\/wp-content\/uploads\/2020\/04\/Ouest-France.png?fit=853%2C355&resize=350%2C200","width":350,"height":200},"classes":[]},{"id":589,"url":"http:\/\/murs.fr\/?p=589","url_meta":{"origin":623,"position":2},"title":"Entretien avec Jean-Fran\u00e7ois Delfraissy, pr\u00e9sident du Conseil Scientifique Covid-19\u00a0: \u00ab\u00a0Conseiller le gouvernement dans un climat d\u2019incertitude\u00a0\u00bb","date":"15 septembre 2022","format":false,"excerpt":"Propos recueillis le 18 mai 2022 par Am\u00e9lie Rajaud Am\u00e9lie Rajaud (AR) : Jean-Fran\u00e7ois Delfraissy (JFD), vous \u00eates m\u00e9decin infectiologue et immunologiste, Pr\u00e9sident depuis 2017 du Comit\u00e9 Consultatif National d\u2019Ethique. Le 11 mars 2020, alors que la propagation du virus Covid-19 s\u2019amplifie consid\u00e9rablement en France, le \u00ab\u00a0Conseil scientifique Covid-19\u00a0\u00bb est\u2026","rel":"","context":"Dans &quot;Bio\u00e9thique&quot;","img":{"alt_text":"","src":"","width":0,"height":0},"classes":[]},{"id":476,"url":"http:\/\/murs.fr\/?p=476","url_meta":{"origin":623,"position":3},"title":"La Sant\u00e9 de la Terre, un d\u00e9fi aux universit\u00e9s","date":"7 f\u00e9vrier 2022","format":false,"excerpt":"Andr\u00e9 Berger, Professeur \u00e9m\u00e9rite \u00e0 l'universit\u00e9 catholique de Louvain la Neuve (Belgique) et membre de l'Acad\u00e9mie des sciencesReproduction d'un article paru en 1991 dans le num\u00e9ro sp\u00e9cial 23-24 de la Revue du M.U.R.S. \"L'Environnement atmosph\u00e9rique \u00e0 la merci de l'Homme\" Le probl\u00e8me des interactions de l\u2019homme avec la g\u00e9osph\u00e8re et\u2026","rel":"","context":"Dans &quot;Nouveaux cahiers du MURS&quot;","img":{"alt_text":"","src":"","width":0,"height":0},"classes":[]},{"id":555,"url":"http:\/\/murs.fr\/?p=555","url_meta":{"origin":623,"position":4},"title":"L\u2019envol\u00e9e des publications scientifiques en temps de Covid-19 \u2013 S\u00e9parer le bon grain de l\u2019ivraie","date":"15 septembre 2022","format":false,"excerpt":"Pierre Corvol, Professeur \u00e9m\u00e9rite au Coll\u00e8ge de France Cet article est essentiellement issu d\u2019un \u00e9ditorial publi\u00e9 dans m\u00e9decine\/sciences, 2021\u00a0;37\u00a0:315-6 Il n\u2019y a pas d\u2019exemple de progression aussi rapide des connaissances dans la sph\u00e8re biologique et m\u00e9dicale que celle provoqu\u00e9e par la pand\u00e9mie de Covid-19. Les premiers cas de pneumopathie compliqu\u00e9e\u2026","rel":"","context":"Dans &quot;Int\u00e9grit\u00e9 scientifique&quot;","img":{"alt_text":"","src":"","width":0,"height":0},"classes":[]},{"id":121,"url":"http:\/\/murs.fr\/?p=121","url_meta":{"origin":623,"position":5},"title":"L\u2019int\u00e9grit\u00e9 scientifique :  \u00ab Du silence \u00e0 la parole,  de la parole \u00e0 l\u2019action \u00bb","date":"25 f\u00e9vrier 2017","format":false,"excerpt":"Conf\u00e9rence inaugurale par le Professeur Claude Huriet L\u2019int\u00e9grit\u00e9 scientifique\u00a0: \u00a0\u00ab\u00a0Du silence \u00e0 la parole, \u00a0de la parole \u00e0 l\u2019action\u00a0\u00bb\u00a0(C. Huriet--C.Villani) 1974: La Conf\u00e9rence g\u00e9n\u00e9rale de l\u2019Unesco adopte, \u00e0 l\u2019occasion de sa 18e session, \u00ab\u00a0La Recommandation concernant la condition des chercheurs scientifiques\u00a0\u00bb : Art 10: Les Etats membres ne devront pas\u2026","rel":"","context":"Dans &quot;Actualit\u00e9s&quot;","img":{"alt_text":"","src":"https:\/\/i2.wp.com\/murs.fr\/wp-content\/uploads\/2017\/01\/integre_band.jpg?resize=350%2C200","width":350,"height":200},"classes":[]}],"_links":{"self":[{"href":"http:\/\/murs.fr\/index.php?rest_route=\/wp\/v2\/posts\/623"}],"collection":[{"href":"http:\/\/murs.fr\/index.php?rest_route=\/wp\/v2\/posts"}],"about":[{"href":"http:\/\/murs.fr\/index.php?rest_route=\/wp\/v2\/types\/post"}],"author":[{"embeddable":true,"href":"http:\/\/murs.fr\/index.php?rest_route=\/wp\/v2\/users\/1"}],"replies":[{"embeddable":true,"href":"http:\/\/murs.fr\/index.php?rest_route=%2Fwp%2Fv2%2Fcomments&post=623"}],"version-history":[{"count":17,"href":"http:\/\/murs.fr\/index.php?rest_route=\/wp\/v2\/posts\/623\/revisions"}],"predecessor-version":[{"id":716,"href":"http:\/\/murs.fr\/index.php?rest_route=\/wp\/v2\/posts\/623\/revisions\/716"}],"wp:attachment":[{"href":"http:\/\/murs.fr\/index.php?rest_route=%2Fwp%2Fv2%2Fmedia&parent=623"}],"wp:term":[{"taxonomy":"category","embeddable":true,"href":"http:\/\/murs.fr\/index.php?rest_route=%2Fwp%2Fv2%2Fcategories&post=623"},{"taxonomy":"post_tag","embeddable":true,"href":"http:\/\/murs.fr\/index.php?rest_route=%2Fwp%2Fv2%2Ftags&post=623"}],"curies":[{"name":"wp","href":"https:\/\/api.w.org\/{rel}","templated":true}]}}